{"id":14997,"date":"2023-04-18T15:14:30","date_gmt":"2023-04-18T13:14:30","guid":{"rendered":"https:\/\/www.best-value.be\/bestvalue-a-accompagne-la-cession-de-locavim\/"},"modified":"2025-07-10T16:08:49","modified_gmt":"2025-07-10T14:08:49","slug":"bestvalue-supports-the-sale-of-veloelec-2","status":"publish","type":"post","link":"https:\/\/www.best-value.be\/en\/bestvalue-supports-the-sale-of-veloelec-2\/","title":{"rendered":"BestValue supports the sale of V\u00e9lo\u00e9lec"},"content":{"rendered":"<h3 data-start=\"95\" data-end=\"163\"><strong data-start=\"95\" data-end=\"163\">Sale of V\u00e9lo\u00e9lec to 53 Onze: A New Chapter for an E-Bike Pioneer<\/strong><\/h3>\n<p data-start=\"165\" data-end=\"321\">Ten years ago, Luc Colleye launched V\u00e9lo\u00e9lec with just one technician. His goal was clear: focus entirely on electric bike sales, maintenance, and repairs. Located on Boulevard Pasteur in Seraing, near a busy roundabout, V\u00e9lo\u00e9lec quickly became a reference in the Li\u00e8ge province. At its peak in 2020, the company sold over 350 bikes. This success reflected a growing demand and a strong market position.<\/p>\n<h3 data-start=\"572\" data-end=\"619\"><strong data-start=\"572\" data-end=\"619\">53 Onze: A Growing Group with a Human Touch<\/strong><\/h3>\n<p data-start=\"621\" data-end=\"792\">The buyer, 53 Onze, is led by \u00c9ric De Decker and Marie Biot. Already active in Villers-le-Bouillet and Ans, the group recently acquired Locavim, expanding to three stores. Despite its growth, 53 Onze plans to keep V\u00e9lo\u00e9lec\u2019s spirit alive: local service, strong customer relationships, and personalised advice in a friendly shop.<\/p>\n<p data-start=\"952\" data-end=\"1148\"><strong>BestValue is proud to have supported Luc Colleye through the entire sale process\u2014from valuation to closing. We wish the new owners great success as they continue serving electric bike enthusiasts.<\/strong><\/p>\n<p data-start=\"1281\" data-end=\"1368\"><strong data-start=\"1281\" data-end=\"1303\">Sell-side Advisors<\/strong>: <a href=\"https:\/\/www.best-value.be\/en\/publications\/\">BestValue<\/a>, PB Avocats<br data-start=\"1326\" data-end=\"1329\" \/><strong data-start=\"1329\" data-end=\"1350\">Buy-side Advisors<\/strong>: <a href=\"https:\/\/www.henry-mersch.be\/\">Henry &amp; Mersch<\/a><\/p>\n","protected":false},"excerpt":{"rendered":"<p>Sale of V\u00e9lo\u00e9lec to 53 Onze: A New Chapter for an E-Bike Pioneer Ten years ago, Luc Colleye launched V\u00e9lo\u00e9lec with just one technician. His goal was clear: focus entirely on electric bike sales, maintenance, and repairs. Located on Boulevard Pasteur in Seraing, near a busy roundabout, V\u00e9lo\u00e9lec quickly became a reference in the Li\u00e8ge [&hellip;]<\/p>\n","protected":false},"author":2,"featured_media":3283,"comment_status":"closed","ping_status":"closed","sticky":false,"template":"","format":"standard","meta":{"_acf_changed":false,"footnotes":""},"categories":[81],"tags":[60],"class_list":["post-14997","post","type-post","status-publish","format-standard","has-post-thumbnail","hentry","category-sell","tag-press-releases"],"acf":[],"yoast_head":"<!-- This site is optimized with the Yoast SEO plugin v27.5 - https:\/\/yoast.com\/product\/yoast-seo-wordpress\/ -->\n<title>V\u00e9lo\u00e9lec joins 53 Onze: a new chapter for an E-Bike pioneer<\/title>\n<meta name=\"description\" content=\"BestValue advised the sale of V\u00e9lo\u00e9lec, a leading electric bike shop in Li\u00e8ge, to the 53 Onze group. A new chapter begins.\" \/>\n<meta name=\"robots\" content=\"index, follow, max-snippet:-1, max-image-preview:large, max-video-preview:-1\" \/>\n<link rel=\"canonical\" href=\"https:\/\/www.best-value.be\/en\/bestvalue-supports-the-sale-of-veloelec-2\/\" \/>\n<meta property=\"og:locale\" content=\"en_US\" \/>\n<meta property=\"og:type\" content=\"article\" \/>\n<meta property=\"og:title\" content=\"V\u00e9lo\u00e9lec joins 53 Onze: a new chapter for an E-Bike pioneer\" \/>\n<meta property=\"og:description\" content=\"BestValue advised the sale of V\u00e9lo\u00e9lec, a leading electric bike shop in Li\u00e8ge, to the 53 Onze group. A new chapter begins.\" \/>\n<meta property=\"og:url\" content=\"https:\/\/www.best-value.be\/en\/bestvalue-supports-the-sale-of-veloelec-2\/\" \/>\n<meta property=\"og:site_name\" content=\"BestValue\" \/>\n<meta property=\"article:publisher\" content=\"https:\/\/www.facebook.com\/Evaluer.Vendre.Acheter\/?locale=fr_FR\" \/>\n<meta property=\"article:published_time\" content=\"2023-04-18T13:14:30+00:00\" \/>\n<meta property=\"article:modified_time\" content=\"2025-07-10T14:08:49+00:00\" \/>\n<meta property=\"og:image\" content=\"https:\/\/www.best-value.be\/wp-content\/uploads\/2021\/12\/BESTVALUE-182-scaled.jpg\" \/>\n\t<meta property=\"og:image:width\" content=\"2560\" \/>\n\t<meta property=\"og:image:height\" content=\"1707\" \/>\n\t<meta property=\"og:image:type\" content=\"image\/jpeg\" \/>\n<meta name=\"author\" content=\"Antoine Renier\" \/>\n<meta name=\"twitter:card\" content=\"summary_large_image\" \/>\n<meta name=\"twitter:label1\" content=\"Written by\" \/>\n\t<meta name=\"twitter:data1\" content=\"Antoine Renier\" \/>\n\t<meta name=\"twitter:label2\" content=\"Est. reading time\" \/>\n\t<meta name=\"twitter:data2\" content=\"2 minutes\" \/>\n<script type=\"application\/ld+json\" class=\"yoast-schema-graph\">{\"@context\":\"https:\\\/\\\/schema.org\",\"@graph\":[{\"@type\":\"Article\",\"@id\":\"https:\\\/\\\/www.best-value.be\\\/en\\\/bestvalue-supports-the-sale-of-veloelec-2\\\/#article\",\"isPartOf\":{\"@id\":\"https:\\\/\\\/www.best-value.be\\\/en\\\/bestvalue-supports-the-sale-of-veloelec-2\\\/\"},\"author\":{\"name\":\"Antoine Renier\",\"@id\":\"https:\\\/\\\/www.best-value.be\\\/en\\\/#\\\/schema\\\/person\\\/a77d4d1ab32030638552c82f0cb6f405\"},\"headline\":\"BestValue supports the sale of V\u00e9lo\u00e9lec\",\"datePublished\":\"2023-04-18T13:14:30+00:00\",\"dateModified\":\"2025-07-10T14:08:49+00:00\",\"mainEntityOfPage\":{\"@id\":\"https:\\\/\\\/www.best-value.be\\\/en\\\/bestvalue-supports-the-sale-of-veloelec-2\\\/\"},\"wordCount\":191,\"publisher\":{\"@id\":\"https:\\\/\\\/www.best-value.be\\\/en\\\/#organization\"},\"image\":{\"@id\":\"https:\\\/\\\/www.best-value.be\\\/en\\\/bestvalue-supports-the-sale-of-veloelec-2\\\/#primaryimage\"},\"thumbnailUrl\":\"https:\\\/\\\/www.best-value.be\\\/wp-content\\\/uploads\\\/2021\\\/12\\\/BESTVALUE-182-scaled.jpg\",\"keywords\":[\"Press releases\"],\"articleSection\":[\"Sell\"],\"inLanguage\":\"en-US\"},{\"@type\":\"WebPage\",\"@id\":\"https:\\\/\\\/www.best-value.be\\\/en\\\/bestvalue-supports-the-sale-of-veloelec-2\\\/\",\"url\":\"https:\\\/\\\/www.best-value.be\\\/en\\\/bestvalue-supports-the-sale-of-veloelec-2\\\/\",\"name\":\"V\u00e9lo\u00e9lec joins 53 Onze: a new chapter for an E-Bike pioneer\",\"isPartOf\":{\"@id\":\"https:\\\/\\\/www.best-value.be\\\/en\\\/#website\"},\"primaryImageOfPage\":{\"@id\":\"https:\\\/\\\/www.best-value.be\\\/en\\\/bestvalue-supports-the-sale-of-veloelec-2\\\/#primaryimage\"},\"image\":{\"@id\":\"https:\\\/\\\/www.best-value.be\\\/en\\\/bestvalue-supports-the-sale-of-veloelec-2\\\/#primaryimage\"},\"thumbnailUrl\":\"https:\\\/\\\/www.best-value.be\\\/wp-content\\\/uploads\\\/2021\\\/12\\\/BESTVALUE-182-scaled.jpg\",\"datePublished\":\"2023-04-18T13:14:30+00:00\",\"dateModified\":\"2025-07-10T14:08:49+00:00\",\"description\":\"BestValue advised the sale of V\u00e9lo\u00e9lec, a leading electric bike shop in Li\u00e8ge, to the 53 Onze group. A new chapter begins.\",\"breadcrumb\":{\"@id\":\"https:\\\/\\\/www.best-value.be\\\/en\\\/bestvalue-supports-the-sale-of-veloelec-2\\\/#breadcrumb\"},\"inLanguage\":\"en-US\",\"potentialAction\":[{\"@type\":\"ReadAction\",\"target\":[\"https:\\\/\\\/www.best-value.be\\\/en\\\/bestvalue-supports-the-sale-of-veloelec-2\\\/\"]}]},{\"@type\":\"ImageObject\",\"inLanguage\":\"en-US\",\"@id\":\"https:\\\/\\\/www.best-value.be\\\/en\\\/bestvalue-supports-the-sale-of-veloelec-2\\\/#primaryimage\",\"url\":\"https:\\\/\\\/www.best-value.be\\\/wp-content\\\/uploads\\\/2021\\\/12\\\/BESTVALUE-182-scaled.jpg\",\"contentUrl\":\"https:\\\/\\\/www.best-value.be\\\/wp-content\\\/uploads\\\/2021\\\/12\\\/BESTVALUE-182-scaled.jpg\",\"width\":2560,\"height\":1707},{\"@type\":\"BreadcrumbList\",\"@id\":\"https:\\\/\\\/www.best-value.be\\\/en\\\/bestvalue-supports-the-sale-of-veloelec-2\\\/#breadcrumb\",\"itemListElement\":[{\"@type\":\"ListItem\",\"position\":1,\"name\":\"Accueil\",\"item\":\"https:\\\/\\\/www.best-value.be\\\/en\\\/\"},{\"@type\":\"ListItem\",\"position\":2,\"name\":\"BestValue supports the sale of V\u00e9lo\u00e9lec\"}]},{\"@type\":\"WebSite\",\"@id\":\"https:\\\/\\\/www.best-value.be\\\/en\\\/#website\",\"url\":\"https:\\\/\\\/www.best-value.be\\\/en\\\/\",\"name\":\"BestValue\",\"description\":\"M&amp;A Advisor\",\"publisher\":{\"@id\":\"https:\\\/\\\/www.best-value.be\\\/en\\\/#organization\"},\"alternateName\":\"BV\",\"potentialAction\":[{\"@type\":\"SearchAction\",\"target\":{\"@type\":\"EntryPoint\",\"urlTemplate\":\"https:\\\/\\\/www.best-value.be\\\/en\\\/?s={search_term_string}\"},\"query-input\":{\"@type\":\"PropertyValueSpecification\",\"valueRequired\":true,\"valueName\":\"search_term_string\"}}],\"inLanguage\":\"en-US\"},{\"@type\":\"Organization\",\"@id\":\"https:\\\/\\\/www.best-value.be\\\/en\\\/#organization\",\"name\":\"BestValue\",\"alternateName\":\"BV\",\"url\":\"https:\\\/\\\/www.best-value.be\\\/en\\\/\",\"logo\":{\"@type\":\"ImageObject\",\"inLanguage\":\"en-US\",\"@id\":\"https:\\\/\\\/www.best-value.be\\\/en\\\/#\\\/schema\\\/logo\\\/image\\\/\",\"url\":\"https:\\\/\\\/www.best-value.be\\\/wp-content\\\/uploads\\\/2025\\\/05\\\/Logo-BestValue-scaled.jpg\",\"contentUrl\":\"https:\\\/\\\/www.best-value.be\\\/wp-content\\\/uploads\\\/2025\\\/05\\\/Logo-BestValue-scaled.jpg\",\"width\":2560,\"height\":1998,\"caption\":\"BestValue\"},\"image\":{\"@id\":\"https:\\\/\\\/www.best-value.be\\\/en\\\/#\\\/schema\\\/logo\\\/image\\\/\"},\"sameAs\":[\"https:\\\/\\\/www.facebook.com\\\/Evaluer.Vendre.Acheter\\\/?locale=fr_FR\",\"https:\\\/\\\/www.linkedin.com\\\/company\\\/bestvalue\\\/\"]},{\"@type\":\"Person\",\"@id\":\"https:\\\/\\\/www.best-value.be\\\/en\\\/#\\\/schema\\\/person\\\/a77d4d1ab32030638552c82f0cb6f405\",\"name\":\"Antoine Renier\",\"image\":{\"@type\":\"ImageObject\",\"inLanguage\":\"en-US\",\"@id\":\"https:\\\/\\\/secure.gravatar.com\\\/avatar\\\/6ccd5cf429d900a39e4c5b6ee4e5577cfe27ccd89d3162f43113ec482a23d5aa?s=96&d=mm&r=g\",\"url\":\"https:\\\/\\\/secure.gravatar.com\\\/avatar\\\/6ccd5cf429d900a39e4c5b6ee4e5577cfe27ccd89d3162f43113ec482a23d5aa?s=96&d=mm&r=g\",\"contentUrl\":\"https:\\\/\\\/secure.gravatar.com\\\/avatar\\\/6ccd5cf429d900a39e4c5b6ee4e5577cfe27ccd89d3162f43113ec482a23d5aa?s=96&d=mm&r=g\",\"caption\":\"Antoine Renier\"},\"url\":\"https:\\\/\\\/www.best-value.be\\\/en\\\/author\\\/a-renierbest-value-be\\\/\"}]}<\/script>\n<!-- \/ Yoast SEO plugin. -->","yoast_head_json":{"title":"V\u00e9lo\u00e9lec joins 53 Onze: a new chapter for an E-Bike pioneer","description":"BestValue advised the sale of V\u00e9lo\u00e9lec, a leading electric bike shop in Li\u00e8ge, to the 53 Onze group. A new chapter begins.","robots":{"index":"index","follow":"follow","max-snippet":"max-snippet:-1","max-image-preview":"max-image-preview:large","max-video-preview":"max-video-preview:-1"},"canonical":"https:\/\/www.best-value.be\/en\/bestvalue-supports-the-sale-of-veloelec-2\/","og_locale":"en_US","og_type":"article","og_title":"V\u00e9lo\u00e9lec joins 53 Onze: a new chapter for an E-Bike pioneer","og_description":"BestValue advised the sale of V\u00e9lo\u00e9lec, a leading electric bike shop in Li\u00e8ge, to the 53 Onze group. A new chapter begins.","og_url":"https:\/\/www.best-value.be\/en\/bestvalue-supports-the-sale-of-veloelec-2\/","og_site_name":"BestValue","article_publisher":"https:\/\/www.facebook.com\/Evaluer.Vendre.Acheter\/?locale=fr_FR","article_published_time":"2023-04-18T13:14:30+00:00","article_modified_time":"2025-07-10T14:08:49+00:00","og_image":[{"width":2560,"height":1707,"url":"https:\/\/www.best-value.be\/wp-content\/uploads\/2021\/12\/BESTVALUE-182-scaled.jpg","type":"image\/jpeg"}],"author":"Antoine Renier","twitter_card":"summary_large_image","twitter_misc":{"Written by":"Antoine Renier","Est. reading time":"2 minutes"},"schema":{"@context":"https:\/\/schema.org","@graph":[{"@type":"Article","@id":"https:\/\/www.best-value.be\/en\/bestvalue-supports-the-sale-of-veloelec-2\/#article","isPartOf":{"@id":"https:\/\/www.best-value.be\/en\/bestvalue-supports-the-sale-of-veloelec-2\/"},"author":{"name":"Antoine Renier","@id":"https:\/\/www.best-value.be\/en\/#\/schema\/person\/a77d4d1ab32030638552c82f0cb6f405"},"headline":"BestValue supports the sale of V\u00e9lo\u00e9lec","datePublished":"2023-04-18T13:14:30+00:00","dateModified":"2025-07-10T14:08:49+00:00","mainEntityOfPage":{"@id":"https:\/\/www.best-value.be\/en\/bestvalue-supports-the-sale-of-veloelec-2\/"},"wordCount":191,"publisher":{"@id":"https:\/\/www.best-value.be\/en\/#organization"},"image":{"@id":"https:\/\/www.best-value.be\/en\/bestvalue-supports-the-sale-of-veloelec-2\/#primaryimage"},"thumbnailUrl":"https:\/\/www.best-value.be\/wp-content\/uploads\/2021\/12\/BESTVALUE-182-scaled.jpg","keywords":["Press releases"],"articleSection":["Sell"],"inLanguage":"en-US"},{"@type":"WebPage","@id":"https:\/\/www.best-value.be\/en\/bestvalue-supports-the-sale-of-veloelec-2\/","url":"https:\/\/www.best-value.be\/en\/bestvalue-supports-the-sale-of-veloelec-2\/","name":"V\u00e9lo\u00e9lec joins 53 Onze: a new chapter for an E-Bike pioneer","isPartOf":{"@id":"https:\/\/www.best-value.be\/en\/#website"},"primaryImageOfPage":{"@id":"https:\/\/www.best-value.be\/en\/bestvalue-supports-the-sale-of-veloelec-2\/#primaryimage"},"image":{"@id":"https:\/\/www.best-value.be\/en\/bestvalue-supports-the-sale-of-veloelec-2\/#primaryimage"},"thumbnailUrl":"https:\/\/www.best-value.be\/wp-content\/uploads\/2021\/12\/BESTVALUE-182-scaled.jpg","datePublished":"2023-04-18T13:14:30+00:00","dateModified":"2025-07-10T14:08:49+00:00","description":"BestValue advised the sale of V\u00e9lo\u00e9lec, a leading electric bike shop in Li\u00e8ge, to the 53 Onze group. A new chapter begins.","breadcrumb":{"@id":"https:\/\/www.best-value.be\/en\/bestvalue-supports-the-sale-of-veloelec-2\/#breadcrumb"},"inLanguage":"en-US","potentialAction":[{"@type":"ReadAction","target":["https:\/\/www.best-value.be\/en\/bestvalue-supports-the-sale-of-veloelec-2\/"]}]},{"@type":"ImageObject","inLanguage":"en-US","@id":"https:\/\/www.best-value.be\/en\/bestvalue-supports-the-sale-of-veloelec-2\/#primaryimage","url":"https:\/\/www.best-value.be\/wp-content\/uploads\/2021\/12\/BESTVALUE-182-scaled.jpg","contentUrl":"https:\/\/www.best-value.be\/wp-content\/uploads\/2021\/12\/BESTVALUE-182-scaled.jpg","width":2560,"height":1707},{"@type":"BreadcrumbList","@id":"https:\/\/www.best-value.be\/en\/bestvalue-supports-the-sale-of-veloelec-2\/#breadcrumb","itemListElement":[{"@type":"ListItem","position":1,"name":"Accueil","item":"https:\/\/www.best-value.be\/en\/"},{"@type":"ListItem","position":2,"name":"BestValue supports the sale of V\u00e9lo\u00e9lec"}]},{"@type":"WebSite","@id":"https:\/\/www.best-value.be\/en\/#website","url":"https:\/\/www.best-value.be\/en\/","name":"BestValue","description":"M&amp;A Advisor","publisher":{"@id":"https:\/\/www.best-value.be\/en\/#organization"},"alternateName":"BV","potentialAction":[{"@type":"SearchAction","target":{"@type":"EntryPoint","urlTemplate":"https:\/\/www.best-value.be\/en\/?s={search_term_string}"},"query-input":{"@type":"PropertyValueSpecification","valueRequired":true,"valueName":"search_term_string"}}],"inLanguage":"en-US"},{"@type":"Organization","@id":"https:\/\/www.best-value.be\/en\/#organization","name":"BestValue","alternateName":"BV","url":"https:\/\/www.best-value.be\/en\/","logo":{"@type":"ImageObject","inLanguage":"en-US","@id":"https:\/\/www.best-value.be\/en\/#\/schema\/logo\/image\/","url":"https:\/\/www.best-value.be\/wp-content\/uploads\/2025\/05\/Logo-BestValue-scaled.jpg","contentUrl":"https:\/\/www.best-value.be\/wp-content\/uploads\/2025\/05\/Logo-BestValue-scaled.jpg","width":2560,"height":1998,"caption":"BestValue"},"image":{"@id":"https:\/\/www.best-value.be\/en\/#\/schema\/logo\/image\/"},"sameAs":["https:\/\/www.facebook.com\/Evaluer.Vendre.Acheter\/?locale=fr_FR","https:\/\/www.linkedin.com\/company\/bestvalue\/"]},{"@type":"Person","@id":"https:\/\/www.best-value.be\/en\/#\/schema\/person\/a77d4d1ab32030638552c82f0cb6f405","name":"Antoine Renier","image":{"@type":"ImageObject","inLanguage":"en-US","@id":"https:\/\/secure.gravatar.com\/avatar\/6ccd5cf429d900a39e4c5b6ee4e5577cfe27ccd89d3162f43113ec482a23d5aa?s=96&d=mm&r=g","url":"https:\/\/secure.gravatar.com\/avatar\/6ccd5cf429d900a39e4c5b6ee4e5577cfe27ccd89d3162f43113ec482a23d5aa?s=96&d=mm&r=g","contentUrl":"https:\/\/secure.gravatar.com\/avatar\/6ccd5cf429d900a39e4c5b6ee4e5577cfe27ccd89d3162f43113ec482a23d5aa?s=96&d=mm&r=g","caption":"Antoine Renier"},"url":"https:\/\/www.best-value.be\/en\/author\/a-renierbest-value-be\/"}]}},"_links":{"self":[{"href":"https:\/\/www.best-value.be\/en\/wp-json\/wp\/v2\/posts\/14997","targetHints":{"allow":["GET"]}}],"collection":[{"href":"https:\/\/www.best-value.be\/en\/wp-json\/wp\/v2\/posts"}],"about":[{"href":"https:\/\/www.best-value.be\/en\/wp-json\/wp\/v2\/types\/post"}],"author":[{"embeddable":true,"href":"https:\/\/www.best-value.be\/en\/wp-json\/wp\/v2\/users\/2"}],"replies":[{"embeddable":true,"href":"https:\/\/www.best-value.be\/en\/wp-json\/wp\/v2\/comments?post=14997"}],"version-history":[{"count":2,"href":"https:\/\/www.best-value.be\/en\/wp-json\/wp\/v2\/posts\/14997\/revisions"}],"predecessor-version":[{"id":15001,"href":"https:\/\/www.best-value.be\/en\/wp-json\/wp\/v2\/posts\/14997\/revisions\/15001"}],"wp:featuredmedia":[{"embeddable":true,"href":"https:\/\/www.best-value.be\/en\/wp-json\/wp\/v2\/media\/3283"}],"wp:attachment":[{"href":"https:\/\/www.best-value.be\/en\/wp-json\/wp\/v2\/media?parent=14997"}],"wp:term":[{"taxonomy":"category","embeddable":true,"href":"https:\/\/www.best-value.be\/en\/wp-json\/wp\/v2\/categories?post=14997"},{"taxonomy":"post_tag","embeddable":true,"href":"https:\/\/www.best-value.be\/en\/wp-json\/wp\/v2\/tags?post=14997"}],"curies":[{"name":"wp","href":"https:\/\/api.w.org\/{rel}","templated":true}]}}